{"id":1216,"date":"2023-07-26T14:58:20","date_gmt":"2023-07-26T14:58:20","guid":{"rendered":"https:\/\/freeyourdreams.newpen.pt\/wp\/?p=1216"},"modified":"2023-12-13T13:17:30","modified_gmt":"2023-12-13T13:17:30","slug":"inclusao-dos-mais-velhos-na-sociedade","status":"publish","type":"post","link":"https:\/\/freeyourdreams.newpen.pt\/wp\/inclusao-dos-mais-velhos-na-sociedade\/","title":{"rendered":"Inclus\u00e3o dos mais velhos na sociedade"},"content":{"rendered":"\n<p>As pessoas mais velhas tem mais experi\u00eancia e intelig\u00eancia emocional, mas mesmo assim sofrem muito preconceito. Por isso, hoje, vamos mostrar-te a import\u00e2ncia da inclus\u00e3o dos mais velhos na sociedade atual! <\/p>\n\n\n\n<h2 class=\"wp-block-heading\">Idoso<\/h2>\n\n\n\n<p>Existem tr\u00eas tipos de grupos de idosos na sociedade. Os jovens idosos, que incluem pessoas entre os 65 e os 74 anos, os idosos m\u00e9dios, que vai desde os 75 aos 84 anos e por \u00faltimo os muito idosos, onde est\u00e3o as pessoas com idades superiores a 85 anos. <\/p>\n\n\n\n<h2 class=\"wp-block-heading\">Idoso na sociedade atual<\/h2>\n\n\n\n<p>Na atualidade, vivemos numa sociedade onde jovens e j\u00e1 alguns adultos n\u00e3o se prendem ao seu pa\u00eds. N\u00e3o h\u00e1 tanta dificuldade em viajar, procuram um melhor estilo de vida, facilmente mudam de cidade ou localidade. Mas essas mudan\u00e7as trazem consequ\u00eancias, porque esses jovens e adultos, t\u00eam pais, que acabam por ficar para tr\u00e1s e a\u00ed come\u00e7a um dos grandes problemas da sociedade atual, <mark style=\"background-color:rgba(0, 0, 0, 0)\" class=\"has-inline-color has-luminous-vivid-orange-color\">idosos solit\u00e1rios<\/mark>. <\/p>\n\n\n\n<p>Antigamente, dizem e \u00e9 verdade, que a idade era um posto, e o cuidado que tinham de ter com os mais velhos era quase como uma &#8220;regra familiar obrigat\u00f3ria&#8221;. <\/p>\n\n\n\n<p>Hoje em dia, com os avan\u00e7os de diversos fatores a &#8220;sabedoria&#8221; foi substitu\u00edda pela &#8220;produtividade&#8221;, o que fez com que os mais velhos come\u00e7assem a ser vistos como um peso e um estorvo. Muitas das vezes o facto de ganharem algum problema de sa\u00fade, ou at\u00e9 mesmo por condi\u00e7\u00f5es econ\u00f3micas, leva a que sejam abandonados pela fam\u00edlia e pior do que isso, pela sociedade. Caem no esquecimento.   <\/p>\n\n\n\n<h3 class=\"wp-block-heading\">Apoio Familiar <\/h3>\n\n\n\n<p>Ou seja, com as mudan\u00e7as da sociedade, n\u00e3o \u00e9 nada f\u00e1cil voltarmos ao antigamente. Agora num estilo de vida mais focado na produtividade e na evolu\u00e7\u00e3o, n\u00e3o \u00e9 in\u00e9dito encontrar fam\u00edlias que tratam os mais velhos de uma forma muito pouco pessoal, sem ligar aos valores familiares. <\/p>\n\n\n\n<p>Isto acontece porque a cadeia a humanidade n\u00e3o est\u00e1 bem apoiada, o que torna mais f\u00e1cil deixar de lado os interesses e as vontades deles, que j\u00e1 n\u00e3o tem poder e se encontram dependentes e vulner\u00e1veis. Nestas alturas v\u00e1rias fam\u00edlias optam pelo caminho mais f\u00e1cil e os p\u00f5e num &#8220;lar&#8221;, e cada vez mais isto acontece.<\/p>\n\n\n\n<h3 class=\"wp-block-heading\">Apoio Social <\/h3>\n\n\n\n<p>Al\u00e9m disso, existe outro tipo de apoio que muitas vezes n\u00e3o \u00e9 prestado, o apoio por parte da sociedade. N\u00e3o ajudam aqueles que alguma forma n\u00e3o tem acesso f\u00e1cil a estruturas de apoio. Existem car\u00eancias econ\u00f3micas, solid\u00e3o, excesso de burocracias e muitas outras dificuldades. A marca\u00e7\u00e3o de consultas n\u00e3o \u00e9 simples, a requisi\u00e7\u00e3o de um medicamento pode ser complexa por falta de meios e muitas outras coisas. <\/p>\n\n\n\n<h2 class=\"wp-block-heading\">Como incluir os mais velhos na sociedade?<\/h2>\n\n\n\n<p>Existem v\u00e1rias coisas que podemos fazer para incluir os mais velhos na nossa sociedade. <\/p>\n\n\n\n<ul>\n<li>Primeiramente, temos de ensinar \u00e0s crian\u00e7as e aos jovens as responsabilidades que temos de ter com os mais velhos. Desta forma v\u00e3o come\u00e7ar a dar mais valor e a ter mais respeito e ser\u00e1 o inicio de um caminho para uma sociedade mais solid\u00e1ria; <\/li>\n<\/ul>\n\n\n\n<ul>\n<li>Encarar os idosos como pessoas v\u00e1lidas e humanas;<\/li>\n<\/ul>\n\n\n\n<ul>\n<li>Inclus\u00e3o digital, onde ensinem os mais velhos a trabalhar e a mexer com tecnologias, acabando assim com o preconceito de que &#8220;os idosos n\u00e3o conseguem aprender ou se adaptar \u00e0s novidades&#8221;<\/li>\n<\/ul>\n\n\n\n<ul>\n<li>Inclus\u00e3o de idosos no mercado de trabalho. Apesar de a aposentadoria ser um momento muito esperado pela maior parte da popula\u00e7\u00e3o, quando eles param de trabalhar completamente ou sentem-se pressionados a pararem de trabalhar, os sentimentos de exclus\u00e3o e inutilidade come\u00e7am a aparecer.<\/li>\n<\/ul>\n\n\n\n<ul>\n<li>Demonstrar afeto enquanto temos tempo. Mostrar que estamos presentes;<\/li>\n<\/ul>\n\n\n\n<ul>\n<li>Garantir a participa\u00e7\u00e3o da pessoa idosa nas decis\u00f5es que lhe dizem diretamente respeito;<\/li>\n<\/ul>\n\n\n\n<ul>\n<li>Assegurar apoio psicossocial, psicol\u00f3gico e a estimula\u00e7\u00e3o cognitiva dos idosos;<\/li>\n<\/ul>\n\n\n\n<ul>\n<li>Criar condi\u00e7\u00f5es que permitam aos idosos escolher onde querem envelhecer e receber os apoios e cuidados de que carecem<\/li>\n<\/ul>\n\n\n\n<ul>\n<li>Contribuir para que os idosos envelhe\u00e7am com dignidade e seguran\u00e7a e preservem o direito ao seu espa\u00e7o e \u00e0 sua integra\u00e7\u00e3o na comunidade; <\/li>\n<\/ul>\n\n\n\n<h2 class=\"wp-block-heading\">Inclus\u00e3o dos mais velhos na sociedade<\/h2>\n\n\n\n<p>Se tens av\u00f4s, tios, ou conhecidos que estejam nesta fase da sua vida, n\u00e3o os descrimines por isso. D\u00e1-lhes muito amor e tenta ao m\u00e1ximo que eles se sintam e sejam sempre aceites na sociedade. <\/p>\n\n\n\n<p>N\u00e3o se esque\u00e7am que um dia vamos ser n\u00f3s naquela posi\u00e7\u00e3o. <\/p>\n\n\n\n<p>At\u00e9 ao pr\u00f3ximo <a href=\"https:\/\/freeyourdreams.newpen.pt\/wp\/\">artigo<\/a>! <\/p>\n","protected":false},"excerpt":{"rendered":"<p>As pessoas mais velhas tem mais experi\u00eancia e intelig\u00eancia emocional, mas mesmo assim sofrem muito preconceito. Por isso, hoje, vamos mostrar-te a import\u00e2ncia da inclus\u00e3o dos mais velhos na sociedade atual! Idoso Existem tr\u00eas tipos de grupos de idosos na sociedade. Os jovens idosos, que incluem pessoas entre os 65 e os 74 anos, os&#8230;<\/p>\n","protected":false},"author":5,"featured_media":1231,"comment_status":"open","ping_status":"open","sticky":false,"template":"","format":"standard","meta":{"footnotes":""},"categories":[47],"tags":[30,99,102,101,15,22,103,100,97],"yoast_head":"<!-- This site is optimized with the Yoast SEO plugin v21.9.1 - https:\/\/yoast.com\/wordpress\/plugins\/seo\/ -->\n<title>Inclus\u00e3o dos mais velhos na sociedade - Free Your Dreams na Newpen Portugal<\/title>\n<meta name=\"description\" content=\"J\u00e1 chega de preconceito! Por isso, hoje, vamos mostrar-te a import\u00e2ncia da inclus\u00e3o dos mais velhos na sociedade atual!\" \/>\n<meta name=\"robots\" content=\"index, follow, max-snippet:-1, max-image-preview:large, max-video-preview:-1\" \/>\n<link rel=\"canonical\" href=\"https:\/\/freeyourdreams.newpen.pt\/wp\/inclusao-dos-mais-velhos-na-sociedade\/\" \/>\n<meta property=\"og:locale\" content=\"pt_PT\" \/>\n<meta property=\"og:type\" content=\"article\" \/>\n<meta property=\"og:title\" content=\"Inclus\u00e3o dos mais velhos na sociedade - Free Your Dreams na Newpen Portugal\" \/>\n<meta property=\"og:description\" content=\"J\u00e1 chega de preconceito! Por isso, hoje, vamos mostrar-te a import\u00e2ncia da inclus\u00e3o dos mais velhos na sociedade atual!\" \/>\n<meta property=\"og:url\" content=\"https:\/\/freeyourdreams.newpen.pt\/wp\/inclusao-dos-mais-velhos-na-sociedade\/\" \/>\n<meta property=\"og:site_name\" content=\"Free Your Dreams na Newpen Portugal\" \/>\n<meta property=\"article:published_time\" content=\"2023-07-26T14:58:20+00:00\" \/>\n<meta property=\"article:modified_time\" content=\"2023-12-13T13:17:30+00:00\" \/>\n<meta property=\"og:image\" content=\"https:\/\/freeyourdreams.newpen.pt\/wp\/wp-content\/uploads\/2023\/07\/vai.jpg\" \/>\n\t<meta property=\"og:image:width\" content=\"1260\" \/>\n\t<meta property=\"og:image:height\" content=\"709\" \/>\n\t<meta property=\"og:image:type\" content=\"image\/jpeg\" \/>\n<meta name=\"author\" content=\"Newpen Portugal\" \/>\n<meta name=\"twitter:card\" content=\"summary_large_image\" \/>\n<meta name=\"twitter:label1\" content=\"Escrito por\" \/>\n\t<meta name=\"twitter:data1\" content=\"Newpen Portugal\" \/>\n\t<meta name=\"twitter:label2\" content=\"Tempo estimado de leitura\" \/>\n\t<meta name=\"twitter:data2\" content=\"4 minutos\" \/>\n<script type=\"application\/ld+json\" class=\"yoast-schema-graph\">{\"@context\":\"https:\/\/schema.org\",\"@graph\":[{\"@type\":\"Article\",\"@id\":\"https:\/\/freeyourdreams.newpen.pt\/wp\/inclusao-dos-mais-velhos-na-sociedade\/#article\",\"isPartOf\":{\"@id\":\"https:\/\/freeyourdreams.newpen.pt\/wp\/inclusao-dos-mais-velhos-na-sociedade\/\"},\"author\":{\"name\":\"Newpen Portugal\",\"@id\":\"https:\/\/freeyourdreams.newpen.pt\/wp\/#\/schema\/person\/b37ff01870df7fdbd4f97fec02ffeec3\"},\"headline\":\"Inclus\u00e3o dos mais velhos na sociedade\",\"datePublished\":\"2023-07-26T14:58:20+00:00\",\"dateModified\":\"2023-12-13T13:17:30+00:00\",\"mainEntityOfPage\":{\"@id\":\"https:\/\/freeyourdreams.newpen.pt\/wp\/inclusao-dos-mais-velhos-na-sociedade\/\"},\"wordCount\":774,\"commentCount\":0,\"publisher\":{\"@id\":\"https:\/\/freeyourdreams.newpen.pt\/wp\/#organization\"},\"keywords\":[\"\u00e9s\u00f3newpen\",\"idosos\",\"incluir\",\"inclus\u00e3o\",\"newpen\",\"newpenportugal\",\"perconceito\",\"popula\u00e7\u00e3o idosa\",\"sociedade\"],\"articleSection\":[\"Not\u00edcias\"],\"inLanguage\":\"pt-PT\",\"potentialAction\":[{\"@type\":\"CommentAction\",\"name\":\"Comment\",\"target\":[\"https:\/\/freeyourdreams.newpen.pt\/wp\/inclusao-dos-mais-velhos-na-sociedade\/#respond\"]}]},{\"@type\":\"WebPage\",\"@id\":\"https:\/\/freeyourdreams.newpen.pt\/wp\/inclusao-dos-mais-velhos-na-sociedade\/\",\"url\":\"https:\/\/freeyourdreams.newpen.pt\/wp\/inclusao-dos-mais-velhos-na-sociedade\/\",\"name\":\"Inclus\u00e3o dos mais velhos na sociedade - Free Your Dreams na Newpen Portugal\",\"isPartOf\":{\"@id\":\"https:\/\/freeyourdreams.newpen.pt\/wp\/#website\"},\"datePublished\":\"2023-07-26T14:58:20+00:00\",\"dateModified\":\"2023-12-13T13:17:30+00:00\",\"description\":\"J\u00e1 chega de preconceito! Por isso, hoje, vamos mostrar-te a import\u00e2ncia da inclus\u00e3o dos mais velhos na sociedade atual!\",\"breadcrumb\":{\"@id\":\"https:\/\/freeyourdreams.newpen.pt\/wp\/inclusao-dos-mais-velhos-na-sociedade\/#breadcrumb\"},\"inLanguage\":\"pt-PT\",\"potentialAction\":[{\"@type\":\"ReadAction\",\"target\":[\"https:\/\/freeyourdreams.newpen.pt\/wp\/inclusao-dos-mais-velhos-na-sociedade\/\"]}]},{\"@type\":\"BreadcrumbList\",\"@id\":\"https:\/\/freeyourdreams.newpen.pt\/wp\/inclusao-dos-mais-velhos-na-sociedade\/#breadcrumb\",\"itemListElement\":[{\"@type\":\"ListItem\",\"position\":1,\"name\":\"In\u00edcio\",\"item\":\"https:\/\/freeyourdreams.newpen.pt\/wp\/\"},{\"@type\":\"ListItem\",\"position\":2,\"name\":\"Inclus\u00e3o dos mais velhos na sociedade\"}]},{\"@type\":\"WebSite\",\"@id\":\"https:\/\/freeyourdreams.newpen.pt\/wp\/#website\",\"url\":\"https:\/\/freeyourdreams.newpen.pt\/wp\/\",\"name\":\"Free Your Dreams na Newpen Portugal\",\"description\":\"\",\"publisher\":{\"@id\":\"https:\/\/freeyourdreams.newpen.pt\/wp\/#organization\"},\"potentialAction\":[{\"@type\":\"SearchAction\",\"target\":{\"@type\":\"EntryPoint\",\"urlTemplate\":\"https:\/\/freeyourdreams.newpen.pt\/wp\/?s={search_term_string}\"},\"query-input\":\"required name=search_term_string\"}],\"inLanguage\":\"pt-PT\"},{\"@type\":\"Organization\",\"@id\":\"https:\/\/freeyourdreams.newpen.pt\/wp\/#organization\",\"name\":\"Newpen\",\"url\":\"https:\/\/freeyourdreams.newpen.pt\/wp\/\",\"logo\":{\"@type\":\"ImageObject\",\"inLanguage\":\"pt-PT\",\"@id\":\"https:\/\/freeyourdreams.newpen.pt\/wp\/#\/schema\/logo\/image\/\",\"url\":\"https:\/\/freeyourdreams.newpen.pt\/wp\/wp-content\/uploads\/2020\/11\/cropped-Logo-01.png\",\"contentUrl\":\"https:\/\/freeyourdreams.newpen.pt\/wp\/wp-content\/uploads\/2020\/11\/cropped-Logo-01.png\",\"width\":150,\"height\":150,\"caption\":\"Newpen\"},\"image\":{\"@id\":\"https:\/\/freeyourdreams.newpen.pt\/wp\/#\/schema\/logo\/image\/\"},\"sameAs\":[\"https:\/\/www.instagram.com\/newpen.pt\/\"]},{\"@type\":\"Person\",\"@id\":\"https:\/\/freeyourdreams.newpen.pt\/wp\/#\/schema\/person\/b37ff01870df7fdbd4f97fec02ffeec3\",\"name\":\"Newpen Portugal\",\"image\":{\"@type\":\"ImageObject\",\"inLanguage\":\"pt-PT\",\"@id\":\"https:\/\/freeyourdreams.newpen.pt\/wp\/#\/schema\/person\/image\/\",\"url\":\"https:\/\/secure.gravatar.com\/avatar\/ac1d6c547ae8d0219fbf49bc1a5383df?s=96&d=mm&r=g\",\"contentUrl\":\"https:\/\/secure.gravatar.com\/avatar\/ac1d6c547ae8d0219fbf49bc1a5383df?s=96&d=mm&r=g\",\"caption\":\"Newpen Portugal\"},\"url\":\"https:\/\/freeyourdreams.newpen.pt\/wp\/author\/andreia-costa\/\"}]}<\/script>\n<!-- \/ Yoast SEO plugin. -->","yoast_head_json":{"title":"Inclus\u00e3o dos mais velhos na sociedade - Free Your Dreams na Newpen Portugal","description":"J\u00e1 chega de preconceito! Por isso, hoje, vamos mostrar-te a import\u00e2ncia da inclus\u00e3o dos mais velhos na sociedade atual!","robots":{"index":"index","follow":"follow","max-snippet":"max-snippet:-1","max-image-preview":"max-image-preview:large","max-video-preview":"max-video-preview:-1"},"canonical":"https:\/\/freeyourdreams.newpen.pt\/wp\/inclusao-dos-mais-velhos-na-sociedade\/","og_locale":"pt_PT","og_type":"article","og_title":"Inclus\u00e3o dos mais velhos na sociedade - Free Your Dreams na Newpen Portugal","og_description":"J\u00e1 chega de preconceito! Por isso, hoje, vamos mostrar-te a import\u00e2ncia da inclus\u00e3o dos mais velhos na sociedade atual!","og_url":"https:\/\/freeyourdreams.newpen.pt\/wp\/inclusao-dos-mais-velhos-na-sociedade\/","og_site_name":"Free Your Dreams na Newpen Portugal","article_published_time":"2023-07-26T14:58:20+00:00","article_modified_time":"2023-12-13T13:17:30+00:00","og_image":[{"width":1260,"height":709,"url":"https:\/\/freeyourdreams.newpen.pt\/wp\/wp-content\/uploads\/2023\/07\/vai.jpg","type":"image\/jpeg"}],"author":"Newpen Portugal","twitter_card":"summary_large_image","twitter_misc":{"Escrito por":"Newpen Portugal","Tempo estimado de leitura":"4 minutos"},"schema":{"@context":"https:\/\/schema.org","@graph":[{"@type":"Article","@id":"https:\/\/freeyourdreams.newpen.pt\/wp\/inclusao-dos-mais-velhos-na-sociedade\/#article","isPartOf":{"@id":"https:\/\/freeyourdreams.newpen.pt\/wp\/inclusao-dos-mais-velhos-na-sociedade\/"},"author":{"name":"Newpen Portugal","@id":"https:\/\/freeyourdreams.newpen.pt\/wp\/#\/schema\/person\/b37ff01870df7fdbd4f97fec02ffeec3"},"headline":"Inclus\u00e3o dos mais velhos na sociedade","datePublished":"2023-07-26T14:58:20+00:00","dateModified":"2023-12-13T13:17:30+00:00","mainEntityOfPage":{"@id":"https:\/\/freeyourdreams.newpen.pt\/wp\/inclusao-dos-mais-velhos-na-sociedade\/"},"wordCount":774,"commentCount":0,"publisher":{"@id":"https:\/\/freeyourdreams.newpen.pt\/wp\/#organization"},"keywords":["\u00e9s\u00f3newpen","idosos","incluir","inclus\u00e3o","newpen","newpenportugal","perconceito","popula\u00e7\u00e3o idosa","sociedade"],"articleSection":["Not\u00edcias"],"inLanguage":"pt-PT","potentialAction":[{"@type":"CommentAction","name":"Comment","target":["https:\/\/freeyourdreams.newpen.pt\/wp\/inclusao-dos-mais-velhos-na-sociedade\/#respond"]}]},{"@type":"WebPage","@id":"https:\/\/freeyourdreams.newpen.pt\/wp\/inclusao-dos-mais-velhos-na-sociedade\/","url":"https:\/\/freeyourdreams.newpen.pt\/wp\/inclusao-dos-mais-velhos-na-sociedade\/","name":"Inclus\u00e3o dos mais velhos na sociedade - Free Your Dreams na Newpen Portugal","isPartOf":{"@id":"https:\/\/freeyourdreams.newpen.pt\/wp\/#website"},"datePublished":"2023-07-26T14:58:20+00:00","dateModified":"2023-12-13T13:17:30+00:00","description":"J\u00e1 chega de preconceito! Por isso, hoje, vamos mostrar-te a import\u00e2ncia da inclus\u00e3o dos mais velhos na sociedade atual!","breadcrumb":{"@id":"https:\/\/freeyourdreams.newpen.pt\/wp\/inclusao-dos-mais-velhos-na-sociedade\/#breadcrumb"},"inLanguage":"pt-PT","potentialAction":[{"@type":"ReadAction","target":["https:\/\/freeyourdreams.newpen.pt\/wp\/inclusao-dos-mais-velhos-na-sociedade\/"]}]},{"@type":"BreadcrumbList","@id":"https:\/\/freeyourdreams.newpen.pt\/wp\/inclusao-dos-mais-velhos-na-sociedade\/#breadcrumb","itemListElement":[{"@type":"ListItem","position":1,"name":"In\u00edcio","item":"https:\/\/freeyourdreams.newpen.pt\/wp\/"},{"@type":"ListItem","position":2,"name":"Inclus\u00e3o dos mais velhos na sociedade"}]},{"@type":"WebSite","@id":"https:\/\/freeyourdreams.newpen.pt\/wp\/#website","url":"https:\/\/freeyourdreams.newpen.pt\/wp\/","name":"Free Your Dreams na Newpen Portugal","description":"","publisher":{"@id":"https:\/\/freeyourdreams.newpen.pt\/wp\/#organization"},"potentialAction":[{"@type":"SearchAction","target":{"@type":"EntryPoint","urlTemplate":"https:\/\/freeyourdreams.newpen.pt\/wp\/?s={search_term_string}"},"query-input":"required name=search_term_string"}],"inLanguage":"pt-PT"},{"@type":"Organization","@id":"https:\/\/freeyourdreams.newpen.pt\/wp\/#organization","name":"Newpen","url":"https:\/\/freeyourdreams.newpen.pt\/wp\/","logo":{"@type":"ImageObject","inLanguage":"pt-PT","@id":"https:\/\/freeyourdreams.newpen.pt\/wp\/#\/schema\/logo\/image\/","url":"https:\/\/freeyourdreams.newpen.pt\/wp\/wp-content\/uploads\/2020\/11\/cropped-Logo-01.png","contentUrl":"https:\/\/freeyourdreams.newpen.pt\/wp\/wp-content\/uploads\/2020\/11\/cropped-Logo-01.png","width":150,"height":150,"caption":"Newpen"},"image":{"@id":"https:\/\/freeyourdreams.newpen.pt\/wp\/#\/schema\/logo\/image\/"},"sameAs":["https:\/\/www.instagram.com\/newpen.pt\/"]},{"@type":"Person","@id":"https:\/\/freeyourdreams.newpen.pt\/wp\/#\/schema\/person\/b37ff01870df7fdbd4f97fec02ffeec3","name":"Newpen Portugal","image":{"@type":"ImageObject","inLanguage":"pt-PT","@id":"https:\/\/freeyourdreams.newpen.pt\/wp\/#\/schema\/person\/image\/","url":"https:\/\/secure.gravatar.com\/avatar\/ac1d6c547ae8d0219fbf49bc1a5383df?s=96&d=mm&r=g","contentUrl":"https:\/\/secure.gravatar.com\/avatar\/ac1d6c547ae8d0219fbf49bc1a5383df?s=96&d=mm&r=g","caption":"Newpen Portugal"},"url":"https:\/\/freeyourdreams.newpen.pt\/wp\/author\/andreia-costa\/"}]}},"jetpack_featured_media_url":"https:\/\/freeyourdreams.newpen.pt\/wp\/wp-content\/uploads\/2023\/07\/vai.jpg","jetpack_likes_enabled":true,"jetpack_sharing_enabled":true,"_links":{"self":[{"href":"https:\/\/freeyourdreams.newpen.pt\/wp\/wp-json\/wp\/v2\/posts\/1216"}],"collection":[{"href":"https:\/\/freeyourdreams.newpen.pt\/wp\/wp-json\/wp\/v2\/posts"}],"about":[{"href":"https:\/\/freeyourdreams.newpen.pt\/wp\/wp-json\/wp\/v2\/types\/post"}],"author":[{"embeddable":true,"href":"https:\/\/freeyourdreams.newpen.pt\/wp\/wp-json\/wp\/v2\/users\/5"}],"replies":[{"embeddable":true,"href":"https:\/\/freeyourdreams.newpen.pt\/wp\/wp-json\/wp\/v2\/comments?post=1216"}],"version-history":[{"count":10,"href":"https:\/\/freeyourdreams.newpen.pt\/wp\/wp-json\/wp\/v2\/posts\/1216\/revisions"}],"predecessor-version":[{"id":1227,"href":"https:\/\/freeyourdreams.newpen.pt\/wp\/wp-json\/wp\/v2\/posts\/1216\/revisions\/1227"}],"wp:featuredmedia":[{"embeddable":true,"href":"https:\/\/freeyourdreams.newpen.pt\/wp\/wp-json\/wp\/v2\/media\/1231"}],"wp:attachment":[{"href":"https:\/\/freeyourdreams.newpen.pt\/wp\/wp-json\/wp\/v2\/media?parent=1216"}],"wp:term":[{"taxonomy":"category","embeddable":true,"href":"https:\/\/freeyourdreams.newpen.pt\/wp\/wp-json\/wp\/v2\/categories?post=1216"},{"taxonomy":"post_tag","embeddable":true,"href":"https:\/\/freeyourdreams.newpen.pt\/wp\/wp-json\/wp\/v2\/tags?post=1216"}],"curies":[{"name":"wp","href":"https:\/\/api.w.org\/{rel}","templated":true}]}}